{"id":12171,"date":"2026-08-29T06:03:58","date_gmt":"2026-08-29T06:03:58","guid":{"rendered":"https:\/\/im-a-collector.com\/?p=12171"},"modified":"2026-08-29T06:03:58","modified_gmt":"2026-08-29T06:03:58","slug":"in-depth-attack-on-titan-and-the-question-of-genocide","status":"publish","type":"post","link":"https:\/\/im-a-collector.com\/en\/memory-legacy\/in-depth-attack-on-titan-and-the-question-of-genocide\/","title":{"rendered":"[in-depth] Attack on Titan and the Question of Genocide"},"content":{"rendered":"\n\n<p class=\"wp-block-paragraph\">After finishing Attack on Titan (Shingeki no Kyojin), one word immediately came to mind: \u201cgenocide.\u201d Not only because of the Rumbling, but because of everything the story builds around the disappearance of peoples, hatred passed down from one generation to the next, and populations confined, displaced, or simply condemned to vanish. There are also the images themselves: entire cities crushed, lives shattered, adults and children dying regardless of their origins or their past. I could easily have used the term without questioning it. It seemed obvious\u2026 until I started looking into what it actually means and asked myself: can we really call what Attack on Titan depicts a genocide?<\/p>\n\n<h2 class=\"wp-block-heading has-text-color has-link-color wp-elements-1\" style=\"color:#f66378\"><strong>Genocide is not defined by the death toll alone<\/strong><\/h2>\n\n<p class=\"wp-block-paragraph\">The word \u201cgenocide\u201d did not exist before the Second World War. It was coined in 1944 by Raphael Lemkin, a Polish Jewish lawyer. In Axis Rule in Occupied Europe, he was trying to name something the vocabulary of the time failed to describe properly: not the massacre of individuals, but the organized destruction of a human group. Lemkin built the term from the Greek genos (group, people) and the Latin suffix -cide (to kill). In his conception, this destruction could target the political, social, cultural, economic, biological, and physical foundations of a group.<\/p>\n\n<p class=\"wp-block-paragraph\">Only four years later, on December 9, 1948, did the United Nations adopt the Convention on the Prevention and Punishment of the Crime of Genocide. The legal definition that followed was narrower than Lemkin\u2019s, but it retained his central idea: the immediate victim is an individual, while the real target is the group to which that person belongs.<\/p>\n\n<p class=\"wp-block-paragraph\">For an act to qualify as genocide in legal terms, a specific intent must therefore be established: the intent to destroy, in whole or in part, a national, ethnic, racial, or religious group as such.<\/p>\n\n<p class=\"wp-block-paragraph\">It may seem strange, but two massacres can produce the same number of deaths while following radically different logics. In one case, people may be killed in a campaign of terror, in war, because of their political views, or simply because they were in the wrong place at the wrong time. In the other, they are attacked because belonging to a particular group is enough to mark them as people whose disappearance is desired.<\/p>\n\n<p class=\"wp-block-paragraph\">The death toll may therefore be identical, and the horror just as great, while the project behind those deaths is fundamentally different.<br\/><\/p>\n\n<p class=\"has-white-color has-text-color has-background has-link-color wp-elements-2 wp-block-paragraph\" style=\"background-color:#26375e\"><strong>Genocide does not necessarily mean killing<br\/><br\/>The 1948 Convention identifies five types of acts that may constitute genocide when committed with the intent to destroy a protected group:<br\/><br\/>1. Killing members of the group;<br\/>2. Causing serious bodily or mental harm to members of the group;<br\/>3. Deliberately inflicting conditions of life calculated to bring about the group\u2019s physical destruction;<br\/>4. Imposing measures intended to prevent births within the group;<br\/>5. Forcibly transferring children of the group to another group.<br\/><br\/>That fourth form will become particularly important when we turn to Zeke.<\/strong><\/p>\n\n<figure class=\"wp-block-image alignwide size-large\"><img fetchpriority=\"high\" decoding=\"async\" width=\"1024\" height=\"597\" src=\"https:\/\/im-a-collector.com\/wp-content\/uploads\/2026\/08\/imacollector-dossier-attack-on-titan-genocide-faye-yeager-jader-death-OK-1024x597.jpg\" alt=\"Faye Jaeger, Grisha and Eren across several panels from the Attack on Titan manga, illustrating the violence endured by the Eldians.\" class=\"wp-image-12111\" srcset=\"https:\/\/im-a-collector.com\/wp-content\/uploads\/2026\/08\/imacollector-dossier-attack-on-titan-genocide-faye-yeager-jader-death-OK-1024x597.jpg 1024w, https:\/\/im-a-collector.com\/wp-content\/uploads\/2026\/08\/imacollector-dossier-attack-on-titan-genocide-faye-yeager-jader-death-OK-300x175.jpg 300w, https:\/\/im-a-collector.com\/wp-content\/uploads\/2026\/08\/imacollector-dossier-attack-on-titan-genocide-faye-yeager-jader-death-OK-768x448.jpg 768w, https:\/\/im-a-collector.com\/wp-content\/uploads\/2026\/08\/imacollector-dossier-attack-on-titan-genocide-faye-yeager-jader-death-OK-1536x896.jpg 1536w, https:\/\/im-a-collector.com\/wp-content\/uploads\/2026\/08\/imacollector-dossier-attack-on-titan-genocide-faye-yeager-jader-death-OK-440x257.jpg 440w, https:\/\/im-a-collector.com\/wp-content\/uploads\/2026\/08\/imacollector-dossier-attack-on-titan-genocide-faye-yeager-jader-death-OK-680x397.jpg 680w, https:\/\/im-a-collector.com\/wp-content\/uploads\/2026\/08\/imacollector-dossier-attack-on-titan-genocide-faye-yeager-jader-death-OK-960x560.jpg 960w, https:\/\/im-a-collector.com\/wp-content\/uploads\/2026\/08\/imacollector-dossier-attack-on-titan-genocide-faye-yeager-jader-death-OK.jpg 1920w\" sizes=\"(max-width: 1024px) 100vw, 1024px\" \/><figcaption class=\"wp-element-caption\">Faye Jaeger\u2019s death is one of the defining events in Grisha\u2019s journey in Attack on Titan.<\/figcaption><\/figure>\n\n<h2 class=\"wp-block-heading has-text-color has-link-color wp-elements-3\" style=\"color:#f66378\"><strong>Genocide, massacre, extermination, crimes against humanity: why the words matter<\/strong><\/h2>\n\n<p class=\"wp-block-paragraph\">Why do these distinctions matter? Because each term corresponds to a different legal and historical reality:<\/p>\n\n<ul class=\"wp-block-list\">\n<li><strong>Massacre: a descriptive term. It refers to the large-scale killing of people, but says nothing about why the victims were killed.<\/strong><\/li>\n\n\n\n<li>Extermination: under international law, it can constitute a crime against humanity when it involves deliberately imposed living conditions intended to bring about the destruction of part of a population.<\/li>\n\n\n\n<li><strong>Crime against humanity: covers serious acts such as murder, extermination, deportation, torture, persecution, or forcible transfer when they are committed as part of a widespread or systematic attack directed against a civilian population.<\/strong><\/li>\n\n\n\n<li>Genocide: adds one crucial dimension: the intent to destroy the group itself.<\/li>\n<\/ul>\n\n<p class=\"wp-block-paragraph\">These distinctions can seem abstract, but two historical examples make them concrete: Srebrenica and Cambodia.<\/p>\n\n<h2 class=\"wp-block-heading has-text-color has-link-color wp-elements-4\" style=\"color:#f66378\"><strong>Srebrenica and Cambodia: two cases that complicate the picture<\/strong><\/h2>\n\n<h3 class=\"wp-block-heading has-text-color has-link-color wp-elements-5\" style=\"color:#f66378\"><strong>Srebrenica (1995): a recognized genocide<\/strong><\/h3>\n\n<p class=\"wp-block-paragraph\">In July 1995, Bosnian Serb forces captured Srebrenica, which had been declared a United Nations \u201csafe area.\u201d More than 8,000 Bosniak Muslim men and boys were killed or went missing. During the same period, tens of thousands of women, children, and elderly people were expelled from the enclave.<\/p>\n\n<p class=\"wp-block-paragraph\">Here, the number of deaths is not the decisive point. What matters is the purpose behind the killings. International courts recognized Bosnian Muslims as a protected group, with the Muslims of Srebrenica constituting a significant part of that group. Men and boys were systematically separated, detained, and then executed, while the rest of the population was expelled.<\/p>\n\n<p class=\"wp-block-paragraph\">The destruction of the men of this community was not simply a consequence of war: it formed part of a deliberate effort to make the Srebrenica community disappear. That is why the massacre was legally recognized as genocide (International Court of Justice, judgment of February 26, 2007).<\/p>\n\n<p class=\"wp-block-paragraph\">Ce que nous devons en retenir ici est qu\u2019il n\u2019est pas n\u00e9cessaire de vouloir tuer chaque membre d\u2019un peuple dans le monde entier. D\u00e9truire une partie cons\u00e9quente du groupe peut suffire.<\/p>\n\n<figure class=\"wp-block-image alignwide size-large\"><img decoding=\"async\" width=\"1024\" height=\"597\" src=\"https:\/\/im-a-collector.com\/wp-content\/uploads\/2026\/08\/imacollector-dossier-attack-on-titan-genocide-bosnie-srebrenica-1995-OK-1024x597.jpg\" alt=\"Srebrenica refugees in tears in Tuzla in July 1995 after their evacuation from Poto&#x10D;ari.\" class=\"wp-image-12112\" srcset=\"https:\/\/im-a-collector.com\/wp-content\/uploads\/2026\/08\/imacollector-dossier-attack-on-titan-genocide-bosnie-srebrenica-1995-OK-1024x597.jpg 1024w, https:\/\/im-a-collector.com\/wp-content\/uploads\/2026\/08\/imacollector-dossier-attack-on-titan-genocide-bosnie-srebrenica-1995-OK-300x175.jpg 300w, https:\/\/im-a-collector.com\/wp-content\/uploads\/2026\/08\/imacollector-dossier-attack-on-titan-genocide-bosnie-srebrenica-1995-OK-768x448.jpg 768w, https:\/\/im-a-collector.com\/wp-content\/uploads\/2026\/08\/imacollector-dossier-attack-on-titan-genocide-bosnie-srebrenica-1995-OK-1536x896.jpg 1536w, https:\/\/im-a-collector.com\/wp-content\/uploads\/2026\/08\/imacollector-dossier-attack-on-titan-genocide-bosnie-srebrenica-1995-OK-440x257.jpg 440w, https:\/\/im-a-collector.com\/wp-content\/uploads\/2026\/08\/imacollector-dossier-attack-on-titan-genocide-bosnie-srebrenica-1995-OK-680x397.jpg 680w, https:\/\/im-a-collector.com\/wp-content\/uploads\/2026\/08\/imacollector-dossier-attack-on-titan-genocide-bosnie-srebrenica-1995-OK-960x560.jpg 960w, https:\/\/im-a-collector.com\/wp-content\/uploads\/2026\/08\/imacollector-dossier-attack-on-titan-genocide-bosnie-srebrenica-1995-OK.jpg 1920w\" sizes=\"(max-width: 1024px) 100vw, 1024px\" \/><figcaption class=\"wp-element-caption\">Srebrenica refugees mourn in Tuzla in July 1995 after being evacuated from Poto\u010dari (source: RFE\/RL).<\/figcaption><\/figure>\n\n<h3 class=\"wp-block-heading has-text-color has-link-color wp-elements-6\" style=\"color:#f66378\"><strong>Cambodia (1975\u20131979): a complex case<\/strong><\/h3>\n\n<p class=\"wp-block-paragraph\">Between April 1975 and January 1979, the Khmer Rouge regime imposed forced evacuations, exhausting labor, famine, detention, persecution, and executions. Widely cited estimates put the death toll at close to two million. Yet not all of these victims are legally considered victims of genocide. Much of the population was persecuted according to political, social, or ideological criteria that do not correspond to the four groups protected by the 1948 Convention (national, ethnic, racial, or religious).<\/p>\n\n<p class=\"wp-block-paragraph\">However, the Extraordinary Chambers in the Courts of Cambodia did classify certain acts of violence directed at specific groups as genocide, notably those targeting Vietnamese people and Cham Muslims.<\/p>\n\n<p class=\"wp-block-paragraph\">This example shows that the same criminal system can produce genocide, crimes against humanity, and extermination without every victim falling under the same legal classification.<\/p>\n\n<p class=\"wp-block-paragraph\">Both cases point to the same lesson: the intent behind the violence is crucial. And it is precisely this question of intent that makes Attack on Titan (Shingeki no Kyojin) so difficult to classify.<\/p>\n\n<figure class=\"wp-block-image alignwide size-large\"><img decoding=\"async\" width=\"1024\" height=\"597\" src=\"https:\/\/im-a-collector.com\/wp-content\/uploads\/2026\/08\/imacollector-dossier-attack-on-titan-genocide-cambodge-khmer-rouge-OK-1024x597.jpg\" alt=\"Meo Soknen, 13, standing beside the remains of Khmer Rouge victims at a memorial in Cambodia.\" class=\"wp-image-12113\" srcset=\"https:\/\/im-a-collector.com\/wp-content\/uploads\/2026\/08\/imacollector-dossier-attack-on-titan-genocide-cambodge-khmer-rouge-OK-1024x597.jpg 1024w, https:\/\/im-a-collector.com\/wp-content\/uploads\/2026\/08\/imacollector-dossier-attack-on-titan-genocide-cambodge-khmer-rouge-OK-300x175.jpg 300w, https:\/\/im-a-collector.com\/wp-content\/uploads\/2026\/08\/imacollector-dossier-attack-on-titan-genocide-cambodge-khmer-rouge-OK-768x448.jpg 768w, https:\/\/im-a-collector.com\/wp-content\/uploads\/2026\/08\/imacollector-dossier-attack-on-titan-genocide-cambodge-khmer-rouge-OK-1536x896.jpg 1536w, https:\/\/im-a-collector.com\/wp-content\/uploads\/2026\/08\/imacollector-dossier-attack-on-titan-genocide-cambodge-khmer-rouge-OK-440x257.jpg 440w, https:\/\/im-a-collector.com\/wp-content\/uploads\/2026\/08\/imacollector-dossier-attack-on-titan-genocide-cambodge-khmer-rouge-OK-680x397.jpg 680w, https:\/\/im-a-collector.com\/wp-content\/uploads\/2026\/08\/imacollector-dossier-attack-on-titan-genocide-cambodge-khmer-rouge-OK-960x560.jpg 960w, https:\/\/im-a-collector.com\/wp-content\/uploads\/2026\/08\/imacollector-dossier-attack-on-titan-genocide-cambodge-khmer-rouge-OK.jpg 1920w\" sizes=\"(max-width: 1024px) 100vw, 1024px\" \/><figcaption class=\"wp-element-caption\">Meo Soknen, a 13-year-old Cambodian boy, stands beside the remains of victims of the Khmer Rouge near his home in Kandal Province (photo: Heng Sinith \/ AP).<\/figcaption><\/figure>\n\n<p class=\"has-white-color has-text-color has-background has-link-color wp-elements-7 wp-block-paragraph\" style=\"background-color:#26375e\"><strong>Genocides recognized since 1948 <br\/><br\/>Since the adoption of the Genocide Convention, there has been no single official count listing every genocide.<br\/><br\/>1975\u20131979 \u2014 Cambodia: genocide recognized, notably against Vietnamese people and the Cham.<br\/>1994 \u2014 Rwanda: around 800,000 people killed, mainly Tutsi.<br\/>1995 \u2014 Bosnia and Herzegovina (Srebrenica): more than 8,000 Bosniak Muslim men and boys murdered.<br\/>Since 2017 \u2014 Myanmar: allegations of genocide against the Rohingya, as part of ongoing international proceedings.<br\/>Since 2017 \u2014 China: several states have characterized the treatment of Uyghurs as genocide, including the United States in 2021.<br\/>Since 2022 \u2014 Ukraine: several institutions have referred to genocidal acts against Ukrainians, amid ongoing investigations.<br\/>Since 2023 \u2014 Gaza: several organizations have characterized acts against Palestinians as genocide, including the UN Independent International Commission of Inquiry in 2025.<br\/><br\/>As the United States Holocaust Memorial Museum emphasizes, genocide is not defined by a death toll, but by the intent to destroy a group.<\/strong><\/p>\n\n<h2 class=\"wp-block-heading has-text-color has-link-color wp-elements-8\" style=\"color:#f66378\"><strong>Before Eren and Zeke, there was already Marley<\/strong><\/h2>\n\n<p class=\"wp-block-paragraph\">By the time Attack on Titan (Shingeki no Kyojin) introduces Marley, the idea of treating an entire population as a problem has existed for a long time.<\/p>\n\n<p class=\"wp-block-paragraph\">Eldians living on the continent are confined to internment zones such as Liberio. They wear armbands that identify them, carry the burden of crimes attributed to their ancestors, and are constantly expected to prove that they are not like the \u201cdevils\u201d of Paradis Island.<\/p>\n\n<p class=\"wp-block-paragraph\">Marley\u2019s relationship with them is deeply contradictory. On the one hand, Eldians are presented as dangerous because they can become Titans. On the other, that very ability makes them indispensable to Marley\u2019s military power. <\/p>\n\n<p class=\"wp-block-paragraph\">This is the paradox faced by Warrior candidates such as Gabi and Falco, and by Warriors such as Reiner and Zeke: becoming a \u201cgood Eldian\u201d means serving a system that still treats their people as guilty for a past they themselves never knew.<\/p>\n\n<p class=\"wp-block-paragraph\">It is important to stress that Marley is not trying to make every Eldian disappear. On the contrary, the system needs them, their Titans, and their military strength. But Attack on Titan (Shingeki no Kyojin) already makes one essential point clear: a population can begin to be treated as a collective problem long before any project of extermination emerges.<\/p>\n\n<p class=\"wp-block-paragraph\">Individuals are no longer judged only by what they have done. Birth alone is enough to assign them a place, a guilt, and sometimes even the status of a threat. This logic becomes even more visible when Willy Tybur presents Paradis as a global danger: the entire island becomes the threat around which Marley seeks to unite the rest of the world.<\/p>\n\n<p class=\"wp-block-paragraph\">And it is within that environment that Eren ultimately unleashes the Rumbling.<\/p>\n\n<figure class=\"wp-block-image alignwide size-large\"><img loading=\"lazy\" decoding=\"async\" width=\"1024\" height=\"597\" src=\"https:\/\/im-a-collector.com\/wp-content\/uploads\/2026\/08\/imacollector-dossier-attack-on-titan-genocide-mahr-eldiens-camps-OK-1024x597.jpg\" alt=\"Eldians living in a Marleyan internment zone in the Attack on Titan anime.\" class=\"wp-image-12115\" srcset=\"https:\/\/im-a-collector.com\/wp-content\/uploads\/2026\/08\/imacollector-dossier-attack-on-titan-genocide-mahr-eldiens-camps-OK-1024x597.jpg 1024w, https:\/\/im-a-collector.com\/wp-content\/uploads\/2026\/08\/imacollector-dossier-attack-on-titan-genocide-mahr-eldiens-camps-OK-300x175.jpg 300w, https:\/\/im-a-collector.com\/wp-content\/uploads\/2026\/08\/imacollector-dossier-attack-on-titan-genocide-mahr-eldiens-camps-OK-768x448.jpg 768w, https:\/\/im-a-collector.com\/wp-content\/uploads\/2026\/08\/imacollector-dossier-attack-on-titan-genocide-mahr-eldiens-camps-OK-1536x896.jpg 1536w, https:\/\/im-a-collector.com\/wp-content\/uploads\/2026\/08\/imacollector-dossier-attack-on-titan-genocide-mahr-eldiens-camps-OK-440x257.jpg 440w, https:\/\/im-a-collector.com\/wp-content\/uploads\/2026\/08\/imacollector-dossier-attack-on-titan-genocide-mahr-eldiens-camps-OK-680x397.jpg 680w, https:\/\/im-a-collector.com\/wp-content\/uploads\/2026\/08\/imacollector-dossier-attack-on-titan-genocide-mahr-eldiens-camps-OK-960x560.jpg 960w, https:\/\/im-a-collector.com\/wp-content\/uploads\/2026\/08\/imacollector-dossier-attack-on-titan-genocide-mahr-eldiens-camps-OK.jpg 1920w\" sizes=\"(max-width: 1024px) 100vw, 1024px\" \/><figcaption class=\"wp-element-caption\">In Attack on Titan, Eldians living in Marley are confined to internment zones.<\/figcaption><\/figure>\n\n<h2 class=\"wp-block-heading has-text-color has-link-color wp-elements-9\" style=\"color:#f66378\"><strong>What is Eren actually trying to do?<\/strong><\/h2>\n\n<p class=\"wp-block-paragraph\">For much of Attack on Titan (Shingeki no Kyojin), the threat appears to come from Marley. Marley uses Titans as weapons, keeps Eldians in internment zones, and takes a direct part in the war against Paradis. It would therefore be natural to assume that Eren\u2019s primary aim is to destroy this specific enemy. Yet that is not what he announces.<\/p>\n\n<p class=\"wp-block-paragraph\">When he addresses the Subjects of Ymir in Chapter 123, his objective goes far beyond Marley: \u201cThe Titans of the Walls will advance beyond this island and crush the lands outside it until all life there is gone.\u201d<\/p>\n\n<p class=\"wp-block-paragraph\">Kodansha, the series\u2019 Japanese publisher, summarizes this part of the story with striking clarity:<\/p>\n\n<ul class=\"wp-block-list\">\n<li>Volume 31: \u201cdestroy the world through the Rumbling.\u201d<\/li>\n\n\n\n<li>Volume 32: \u201cexterminate humanity outside the island.\u201d<\/li>\n\n\n\n<li>Volume 33: \u201ctrample every land except Paradis.\u201d<\/li>\n<\/ul>\n\n<p class=\"wp-block-paragraph\">Eren\u2019s target is no longer just an army, or even a nation. It becomes almost everything on the other side of the sea: Marleyans, of course, but also Eldians, refugees, children, people from nations hostile to Marley\u2014and probably peoples about whom Eren knows almost nothing.<\/p>\n\n<p class=\"wp-block-paragraph\">Ramzi embodies the absurdity of this in the most brutal way. Eren meets him during his stay in Marley. He sees him being assaulted, steps in to protect him, understands his poverty, and even spends time with his family while already knowing what is going to happen.<\/p>\n\n<p class=\"wp-block-paragraph\">Eren knows perfectly well that Ramzi will be killed by the Rumbling. He is ashamed, cries in front of him, and even asks for his forgiveness. Yet he continues with the plan anyway. Ramzi poses no threat to Paradis. He bears no responsibility for the conflict between the Eldians and the rest of the world. He will die simply because he lives on the wrong side of the sea. Collateral damage&#8230;<\/p>\n\n<p class=\"wp-block-paragraph\">And it is this part of Eren\u2019s plan that makes the Rumbling so difficult to characterize.<\/p>\n\n<h2 class=\"wp-block-heading has-text-color has-link-color wp-elements-10\" style=\"color:#f66378\">Is the Rumbling a genocide?<\/h2>\n\n<p class=\"wp-block-paragraph\">Eren wants almost all of humanity outside Paradis to disappear. In doing so, he crushes Marleyans, Eldians, refugees, and peoples whose names he probably does not even know, without distinction.<\/p>\n\n<p class=\"wp-block-paragraph\">Yet, as explained above, for an act to qualify as genocide it must target a protected group (national, ethnic, racial, or religious) as a group. As Abhijeet Shrivastava and Anujay Shrivastava (2022) point out, the Rumbling poses a challenge to the Genocide Convention because its target is primarily geographic (\u201ceveryone living outside Paradis\u201d) rather than a specific group.<\/p>\n\n<p class=\"wp-block-paragraph\">The Rumbling, then, despite its unimaginable violence, does not fit the definition of genocide exactly. It is closer to a crime against humanity involving mass extermination, or to a project of mass destruction, but without the targeted intent required by the 1948 Convention.<\/p>\n\n<figure class=\"wp-block-image alignwide size-large\"><img loading=\"lazy\" decoding=\"async\" width=\"1024\" height=\"597\" src=\"https:\/\/im-a-collector.com\/wp-content\/uploads\/2026\/08\/imacollector-dossier-attack-on-titan-genocide-rumbling-grand-terrassement-OK-1024x597.jpg\" alt=\"The Wall Titans advance during the Rumbling in the Attack on Titan anime.\" class=\"wp-image-12118\" srcset=\"https:\/\/im-a-collector.com\/wp-content\/uploads\/2026\/08\/imacollector-dossier-attack-on-titan-genocide-rumbling-grand-terrassement-OK-1024x597.jpg 1024w, https:\/\/im-a-collector.com\/wp-content\/uploads\/2026\/08\/imacollector-dossier-attack-on-titan-genocide-rumbling-grand-terrassement-OK-300x175.jpg 300w, https:\/\/im-a-collector.com\/wp-content\/uploads\/2026\/08\/imacollector-dossier-attack-on-titan-genocide-rumbling-grand-terrassement-OK-768x448.jpg 768w, https:\/\/im-a-collector.com\/wp-content\/uploads\/2026\/08\/imacollector-dossier-attack-on-titan-genocide-rumbling-grand-terrassement-OK-1536x896.jpg 1536w, https:\/\/im-a-collector.com\/wp-content\/uploads\/2026\/08\/imacollector-dossier-attack-on-titan-genocide-rumbling-grand-terrassement-OK-440x257.jpg 440w, https:\/\/im-a-collector.com\/wp-content\/uploads\/2026\/08\/imacollector-dossier-attack-on-titan-genocide-rumbling-grand-terrassement-OK-680x397.jpg 680w, https:\/\/im-a-collector.com\/wp-content\/uploads\/2026\/08\/imacollector-dossier-attack-on-titan-genocide-rumbling-grand-terrassement-OK-960x560.jpg 960w, https:\/\/im-a-collector.com\/wp-content\/uploads\/2026\/08\/imacollector-dossier-attack-on-titan-genocide-rumbling-grand-terrassement-OK.jpg 1920w\" sizes=\"(max-width: 1024px) 100vw, 1024px\" \/><figcaption class=\"wp-element-caption\">Eren unleashes the Rumbling, sending the Wall Titans against the world beyond Paradis (\u00a9 Hajime Isayama, Kodansha \/ \u201cAttack on Titan\u201d MAPPA \u2013 The Final Season Production Committee).<\/figcaption><\/figure>\n\n<h2 class=\"wp-block-heading has-text-color has-link-color wp-elements-11\" style=\"color:#f66378\"><strong>Zeke\u2019s plan: a textbook case of genocide<\/strong><\/h2>\n\n<p class=\"wp-block-paragraph\">Zeke\u2019s project is far more precise and personal: he does not want to massacre the Eldians. In his own logic, he is instead trying to spare them a violent extermination. His plan is simple: use the power of the Founding Titan to make every Subject of Ymir unable to have children. Eldians already alive could continue living. They would grow old and eventually die naturally. No new Eldians would be born after them. The disappearance of the people would be slow, but final.<\/p>\n\n<p class=\"wp-block-paragraph\">Zeke even imagines a temporary military deterrent to prevent the rest of the world from exterminating the generations still alive. His goal is therefore not to kill every Eldian, but to ensure that one day none remain.<\/p>\n\n<p class=\"wp-block-paragraph\">This distinction also explains why Zeke sees his plan as a form of salvation. To him, being Eldian means carrying the burden of the Titans, Marley\u2019s hatred, historical guilt, and an endless conflict. From his perspective, the question becomes almost logical: \u201cWhy keep bringing children into the world only to condemn them to the same suffering?\u201d His answer is radical: better to prevent those lives from existing at all.<\/p>\n\n<p class=\"wp-block-paragraph\">This is where the 1948 Convention becomes crucial again. One of the five acts explicitly listed as genocide is \u201cimposing measures intended to prevent births within the group.\u201d<\/p>\n\n<p class=\"wp-block-paragraph\">As the International Criminal Tribunal for Rwanda established in the Akayesu case (1998), such measures can constitute genocide when the intent is to destroy the group. In Zeke\u2019s case, that intent is difficult to dispute, or even deny: he is not simply trying to reduce the birth rate among the Subjects of Ymir. He wants the last of them to die without descendants so that their people will cease to exist permanently.<\/p>\n\n<p class=\"wp-block-paragraph\">Aussi dingue que cela puisse para\u00eetre, le projet de Zeke remplit les crit\u00e8res du g\u00e9nocide et, assez ironiquement, c\u2019est donc lui, dont le plan ne produit aucun massacre imm\u00e9diat, qui se rapproche le plus de la d\u00e9finition juridique du g\u00e9nocide.<\/p>\n\n<figure class=\"wp-block-image alignwide size-large\"><img loading=\"lazy\" decoding=\"async\" width=\"1024\" height=\"597\" src=\"https:\/\/im-a-collector.com\/wp-content\/uploads\/2026\/08\/imacollector-dossier-attack-on-titan-genocide-zeke-plan-OK-1024x597.jpg\" alt=\"Zeke Jaeger in his Beast Titan form in Attack on Titan, architect of the Eldian euthanasia plan.\" class=\"wp-image-12119\" srcset=\"https:\/\/im-a-collector.com\/wp-content\/uploads\/2026\/08\/imacollector-dossier-attack-on-titan-genocide-zeke-plan-OK-1024x597.jpg 1024w, https:\/\/im-a-collector.com\/wp-content\/uploads\/2026\/08\/imacollector-dossier-attack-on-titan-genocide-zeke-plan-OK-300x175.jpg 300w, https:\/\/im-a-collector.com\/wp-content\/uploads\/2026\/08\/imacollector-dossier-attack-on-titan-genocide-zeke-plan-OK-768x448.jpg 768w, https:\/\/im-a-collector.com\/wp-content\/uploads\/2026\/08\/imacollector-dossier-attack-on-titan-genocide-zeke-plan-OK-1536x896.jpg 1536w, https:\/\/im-a-collector.com\/wp-content\/uploads\/2026\/08\/imacollector-dossier-attack-on-titan-genocide-zeke-plan-OK-440x257.jpg 440w, https:\/\/im-a-collector.com\/wp-content\/uploads\/2026\/08\/imacollector-dossier-attack-on-titan-genocide-zeke-plan-OK-680x397.jpg 680w, https:\/\/im-a-collector.com\/wp-content\/uploads\/2026\/08\/imacollector-dossier-attack-on-titan-genocide-zeke-plan-OK-960x560.jpg 960w, https:\/\/im-a-collector.com\/wp-content\/uploads\/2026\/08\/imacollector-dossier-attack-on-titan-genocide-zeke-plan-OK.jpg 1920w\" sizes=\"(max-width: 1024px) 100vw, 1024px\" \/><figcaption class=\"wp-element-caption\">Zeke Jaeger wants to permanently prevent the Subjects of Ymir from having children: a form of genocide that does not rely directly on mass killing.<\/figcaption><\/figure>\n\n<h2 class=\"wp-block-heading has-text-color has-link-color wp-elements-12\" style=\"color:#f66378\"><strong>Eren and Zeke: two visions of a world without the other<\/strong><\/h2>\n\n<p class=\"wp-block-paragraph\">Eren and Zeke do not want the same thing, but their personal projects lead to a similarly brutal dead end: coexistence is no longer an option.<\/p>\n\n<p class=\"wp-block-paragraph\">Zeke believes the existence of the Subjects of Ymir creates too much suffering, both for them and for the rest of the world. His solution? Gradually eliminate the possibility of their being born at all.<\/p>\n\n<p class=\"wp-block-paragraph\">Eren begins from the opposite principle: being born is enough to establish a right to exist. He rejects Zeke\u2019s idea because he believes no Eldian should have to disappear simply because the world rejects them. But when he applies that conviction to Paradis, a problem emerges: to guarantee his own people\u2019s right to exist, Eren ultimately removes that right from almost everyone else.<\/p>\n\n<p class=\"wp-block-paragraph\">The two brothers therefore reach the same point by opposite routes: they stop seeing coexistence as a possible solution.<\/p>\n\n<p class=\"wp-block-paragraph\">Zeke imagines a world with no future Eldians, while Eren imagines a world in which almost all humanity outside Paradis has disappeared. The first turns extinction into an act of compassion; the second turns annihilation into a condition of freedom.<\/p>\n\n<p class=\"wp-block-paragraph\">Worse still, neither of them needs to believe that the people they condemn are completely inhuman in order to carry out the plan.<\/p>\n\n<p class=\"has-white-color has-text-color has-background has-link-color wp-elements-13 wp-block-paragraph\" style=\"background-color:#26375e\"><strong>Other works of fiction confronting genocide <br\/><br\/>Attack on Titan (Shingeki no Kyojin) is not the only work to examine the mechanisms of dehumanization, propaganda, and mass violence. <br\/><br\/>Death Note: Light Yagami follows a logic similar to Eren\u2019s\u2014mass elimination as the solution to a problem he sees as impossible to overcome. The difference? Light targets criminals, by his own definition, while Eren targets an entire population without distinction. <br\/><br\/>Fullmetal Alchemist: Brotherhood: the series explores dehumanization and state propaganda through the genocide of the Ishvalans, who are presented as a threat to be eliminated. <br\/><br\/>Vinland Saga: the story explores the cycle of revenge and the dehumanization of the enemy through Thorfinn\u2019s journey. <br\/><br\/>Berserk can also be mentioned for its depiction of mass sacrifice in the service of an individual goal, while Monster explores manipulation and dehumanization on a large scale.<\/strong><\/p>\n\n<h2 class=\"wp-block-heading has-text-color has-link-color wp-elements-14\" style=\"color:#f66378\"><strong>Genocide begins long before the massacres<\/strong><\/h2>\n\n<p class=\"wp-block-paragraph\">The purpose of this article was never to reduce the projects of annihilation in Attack on Titan (Shingeki no Kyojin) to a simple legal label. Above all, I wanted to understand how this universe makes us grasp and feel things that resonate with us even when we struggle to explain them. Details may evoke memories from our own history (the yellow star, camps, and so on) but we do not always have the right words to describe what we are seeing.<\/p>\n\n<p class=\"wp-block-paragraph\">What Attack on Titan (Shingeki no Kyojin) does above all is build an entire ecosystem:<\/p>\n\n<ul class=\"wp-block-list\">\n<li>children grow up believing they carry the sins of their ancestors<\/li>\n\n\n\n<li>Eldians live in internment zones<\/li>\n\n\n\n<li>entire populations are taught to see the people of Paradis as devils<\/li>\n\n\n\n<li>on the island, discovering the outside world gradually destroys the idea that anything beyond the Walls can be simple<\/li>\n<\/ul>\n\n<p class=\"wp-block-paragraph\">Added to this are wars, reprisals, conflicting historical narratives, fear, humiliation, and memories passed down from generation to generation.<\/p>\n\n<p class=\"wp-block-paragraph\">Marley is essential to this mechanism. The story shows that before a people is targeted for disappearance, it can first be separated, identified, assigned collective guilt, and taught to be seen as a threat by definition.<\/p>\n\n<p class=\"wp-block-paragraph\">Yes, at times it resembles our own world. And yet it remains profoundly different.<\/p>\n\n<p class=\"wp-block-paragraph\">The Rumbling and Zeke\u2019s plan are the spectacular culmination of this process. But neither is its beginning. And this is probably where the word \u201cgenocide\u201d becomes genuinely useful for reading and understanding Attack on Titan (Shingeki no Kyojin).<\/p>\n\n<p class=\"wp-block-paragraph\">Before a group can be massacred, sterilized, or condemned to disappear, a deeper idea must already have taken hold: that perhaps the world would be better without it. That is the transformation we now need to understand. How does a population gradually become an enemy? How do propaganda, fear, memory, and education make acceptable what would have seemed unthinkable only a few years earlier?<\/p>\n\n<p class=\"wp-block-paragraph\">Autrement dit : comment en arrive-t-on \u00e0 penser que l\u2019autre doit dispara\u00eetre ? C\u2019est bien cette question que la suite de ce dossier va tenter d\u2019explorer.<\/p>\n\n<hr class=\"wp-block-separator has-alpha-channel-opacity is-style-wide\"\/>\n\n<h3 class=\"wp-block-heading has-text-color has-link-color wp-elements-15\" style=\"color:#f66378\"><br\/>Sources<\/h3>\n\n<p class=\"wp-block-paragraph\"><strong>Hajime Isayama \u2014 Attack on Titan &#8211; Shingeki no Kyojin, Kodansha, volumes 22 \u00e0 34<\/strong> : source primaire pour Mahr, Revelio, le Grand Terrassement, les intentions d\u2019Eren, le projet de Zeke et Ramzi.<\/p>\n\n<p class=\"wp-block-paragraph\"><strong>Nations unies \u2014<\/strong><a href=\"https:\/\/www.un.org\/en\/genocide-prevention\/1948-convention\"><strong><strong>Convention pour la pr\u00e9vention et la r\u00e9pression du crime de g\u00e9nocide (1948)<\/strong><\/strong> : D\u00e9finition internationale du g\u00e9nocide, groupes prot\u00e9g\u00e9s, intention de destruction et cinq actes pr\u00e9vus par l\u2019article II.<\/a><\/p>\n\n<p class=\"wp-block-paragraph\"><strong>Nations unies \u2014<\/strong><a href=\"https:\/\/www.un.org\/en\/genocide-prevention\/definition\"><strong>Definitions of Genocide and Related Crimes<\/strong><\/a> : D\u00e9finition du g\u00e9nocide et distinctions avec les autres crimes internationaux.<\/p>\n\n<p class=\"wp-block-paragraph\"><strong>Rapha\u00ebl Lemkin \u2014<\/strong><a href=\"https:\/\/www.un.org\/en\/genocide-prevention\/definition\"><strong>Axis Rule in Occupied Europe (1944)<\/strong><\/a> : Origine du mot \u00ab g\u00e9nocide \u00bb et premi\u00e8re conceptualisation de la destruction d\u2019un groupe. La page des Nations unies consacr\u00e9e \u00e0 la d\u00e9finition du g\u00e9nocide pr\u00e9sente \u00e9galement l\u2019origine du terme.<\/p>\n\n<p class=\"wp-block-paragraph\"><strong>Cour internationale de Justice \u2014<\/strong><a href=\"https:\/\/www.icj-cij.org\/fr\/node\/103164\"><strong>Bosnie-Herz\u00e9govine c. Serbie-et-Mont\u00e9n\u00e9gro, arr\u00eat du 26 f\u00e9vrier 2007<\/strong><\/a> : Reconnaissance du g\u00e9nocide de Srebrenica et analyse de l\u2019intention g\u00e9nocidaire.<\/p>\n\n<p class=\"wp-block-paragraph\"><strong>TPIY \/ M\u00e9canisme international r\u00e9siduel \u2014<\/strong><a href=\"https:\/\/r.irmct.org\/en\/press\/appeals-chamber-judgement-case-prosecutor-v-radislav-krstic\"><strong>Affaire Radislav Krsti\u0107<\/strong><\/a> : Notion de \u00ab partie substantielle \u00bb d\u2019un groupe dans le cas de Srebrenica.<\/p>\n\n<p class=\"wp-block-paragraph\"><strong>Chambres extraordinaires au sein des tribunaux cambodgiens \u2014<\/strong><a href=\"https:\/\/eccc.gov.kh\/fr\/cases\/case-002\/trial-02\"><strong>Dossier 002\/02<\/strong><\/a> : Crimes commis sous les Khmers rouges et qualification de g\u00e9nocide concernant les groupes vietnamien et cham.<\/p>\n\n<p class=\"wp-block-paragraph\"><strong>United States Holocaust Memorial Museum \u2014<\/strong><a href=\"https:\/\/www.ushmm.org\/genocide-prevention\/countries\/cambodia\"><strong>Cambodia 1975\u20131979<\/strong><\/a> : Contexte et ampleur des violences commises sous les Khmers rouges.<\/p>\n\n<p class=\"wp-block-paragraph\"><strong>Abhijeet Shrivastava &amp; Anujay Shrivastava \u2014<\/strong><a href=\"https:\/\/voelkerrechtsblog.org\/how-attack-on-titan-complicates-the-genocide-convention\/\"><strong>\u00ab How \u2018Attack on Titan\u2019 Complicates the Genocide Convention \u00bb (2022)<\/strong><\/a> : Analyse de la difficult\u00e9 \u00e0 appliquer strictement la d\u00e9finition juridique du g\u00e9nocide au Grand Terrassement.<\/p>\n\n<p class=\"wp-block-paragraph\"><strong>Tribunal p\u00e9nal international pour le Rwanda \u2014<\/strong><a href=\"https:\/\/unictr.irmct.org\/files\/case-documents\/ictr-96-4\/trial-judgements\/en\/980902.pdf\"><strong>Procureur c. Jean-Paul Akayesu, jugement du 2 septembre 1998<\/strong><\/a> : Jurisprudence fondamentale sur le g\u00e9nocide et les mesures visant \u00e0 emp\u00eacher les naissances au sein d\u2019un groupe, utilis\u00e9e dans l\u2019analyse du projet de Zeke.<\/p>\n\n<p class=\"wp-block-paragraph\"><strong>Cour internationale de Justice \u2014<\/strong><a href=\"https:\/\/www.icj-cij.org\/case\/178\"><strong>Gambie c. Myanmar<\/strong><\/a> : Proc\u00e9dure concernant l\u2019application de la Convention sur le g\u00e9nocide aux Rohingyas.<\/p>\n\n<p class=\"wp-block-paragraph\"><strong>U.S. Department of State \u2014<\/strong><a href=\"https:\/\/2017-2021.state.gov\/determination-of-the-secretary-of-state-on-atrocities-in-xinjiang\/\"><strong>Atrocities in Xinjiang<\/strong><\/a> : Qualification de g\u00e9nocide concernant les Ou\u00efghours.<\/p>\n\n<p class=\"wp-block-paragraph\"><strong>Nations unies \u2014<\/strong><a href=\"https:\/\/www.ohchr.org\/en\/hr-bodies\/hrc\/co-israel\/index\"><strong>Commission internationale d\u2019enqu\u00eate sur le territoire palestinien occup\u00e9, y compris J\u00e9rusalem-Est, et Isra\u00ebl<\/strong><\/a> : Travaux de la Commission concernant Gaza.<\/p>\n\n<p class=\"wp-block-paragraph\"><strong>Nations unies \u2014<\/strong><a href=\"https:\/\/www.ohchr.org\/en\/hr-bodies\/hrc\/iicihr-ukraine\/index\"><strong>Commission d\u2019enqu\u00eate internationale ind\u00e9pendante sur l\u2019Ukraine<\/strong><\/a> : Travaux concernant les violations et crimes commis en Ukraine.<\/p>\n","protected":false},"excerpt":{"rendered":"<p>After finishing Attack on Titan, the word \u201cgenocide\u201d can seem almost self-evident. Yet Marley, Eren, Zeke and the Rumbling show that the destruction of a people can take forms far more complex than a simple massacre.<\/p>\n","protected":false},"author":2,"featured_media":12170,"comment_status":"closed","ping_status":"closed","sticky":false,"template":"","format":"standard","meta":{"_acf_changed":false,"footnotes":""},"categories":[187],"tags":[313,247,309],"series":[],"personnage":[],"type_objet":[],"univers":[],"artiste":[],"porteur_de_licence":[],"editeur_fabricant":[],"class_list":["post-12171","post","type-post","status-publish","format-standard","has-post-thumbnail","hentry","category-memory-legacy","tag-article-a-la-une","tag-analysis","tag-in-depth-series"],"acf":[],"yoast_head":"<!-- This site is optimized with the Yoast SEO plugin v28.3 - https:\/\/yoast.com\/product\/yoast-seo-wordpress\/ -->\n<title>The rumbling: is Eren really committing genocide? | imacollector\u00ae<\/title>\n<meta name=\"description\" content=\"Is Eren\u2019s Rumbling really genocide? Legal definition, Zeke\u2019s plan and Marley: what Attack on Titan is actually putting at stake.\" \/>\n<meta name=\"robots\" content=\"index, follow, max-snippet:-1, max-image-preview:large, max-video-preview:-1\" \/>\n<link rel=\"canonical\" href=\"https:\/\/im-a-collector.com\/en\/memory-legacy\/in-depth-attack-on-titan-and-the-question-of-genocide\/\" \/>\n<meta property=\"og:locale\" content=\"en_US\" \/>\n<meta property=\"og:type\" content=\"article\" \/>\n<meta property=\"og:title\" content=\"The rumbling: is Eren really committing genocide? | imacollector\u00ae\" \/>\n<meta property=\"og:description\" content=\"Is Eren\u2019s Rumbling really genocide? Legal definition, Zeke\u2019s plan and Marley: what Attack on Titan is actually putting at stake.\" \/>\n<meta property=\"og:url\" content=\"https:\/\/im-a-collector.com\/en\/memory-legacy\/in-depth-attack-on-titan-and-the-question-of-genocide\/\" \/>\n<meta property=\"og:site_name\" content=\"imacollector\u00ae\" \/>\n<meta property=\"article:publisher\" content=\"https:\/\/www.facebook.com\/imacollectorr\" \/>\n<meta property=\"article:published_time\" content=\"2026-08-29T06:03:58+00:00\" \/>\n<meta property=\"og:image\" content=\"https:\/\/im-a-collector.com\/wp-content\/uploads\/2026\/08\/imacollector-dossier-attack-on-titan-genocide-cover-OK.jpg\" \/>\n\t<meta property=\"og:image:width\" content=\"1920\" \/>\n\t<meta property=\"og:image:height\" content=\"1120\" \/>\n\t<meta property=\"og:image:type\" content=\"image\/jpeg\" \/>\n<meta name=\"author\" content=\"imacollector\" \/>\n<meta name=\"twitter:card\" content=\"summary_large_image\" \/>\n<meta name=\"twitter:label1\" content=\"Written by\" \/>\n\t<meta name=\"twitter:data1\" content=\"imacollector\" \/>\n\t<meta name=\"twitter:label2\" content=\"Est. reading time\" \/>\n\t<meta name=\"twitter:data2\" content=\"17 minutes\" \/>\n<script type=\"application\/ld+json\" class=\"yoast-schema-graph\">{\"@context\":\"https:\\\/\\\/schema.org\",\"@graph\":[{\"@type\":\"Article\",\"@id\":\"https:\\\/\\\/im-a-collector.com\\\/en\\\/memory-legacy\\\/in-depth-attack-on-titan-and-the-question-of-genocide\\\/#article\",\"isPartOf\":{\"@id\":\"https:\\\/\\\/im-a-collector.com\\\/en\\\/memory-legacy\\\/in-depth-attack-on-titan-and-the-question-of-genocide\\\/\"},\"author\":{\"name\":\"imacollector\",\"@id\":\"https:\\\/\\\/im-a-collector.com\\\/en\\\/#\\\/schema\\\/person\\\/29321acf3ba698e769c40bd2e1b6e272\"},\"headline\":\"[in-depth] Attack on Titan and the Question of Genocide\",\"datePublished\":\"2026-08-29T06:03:58+00:00\",\"mainEntityOfPage\":{\"@id\":\"https:\\\/\\\/im-a-collector.com\\\/en\\\/memory-legacy\\\/in-depth-attack-on-titan-and-the-question-of-genocide\\\/\"},\"wordCount\":3430,\"publisher\":{\"@id\":\"https:\\\/\\\/im-a-collector.com\\\/en\\\/#organization\"},\"image\":{\"@id\":\"https:\\\/\\\/im-a-collector.com\\\/en\\\/memory-legacy\\\/in-depth-attack-on-titan-and-the-question-of-genocide\\\/#primaryimage\"},\"thumbnailUrl\":\"https:\\\/\\\/im-a-collector.com\\\/wp-content\\\/uploads\\\/2026\\\/08\\\/imacollector-dossier-attack-on-titan-genocide-cover-OK.jpg\",\"keywords\":[\"\u00c0 la une\",\"Analysis\",\"In-depth series\"],\"articleSection\":[\"Memory &amp; legacy\"],\"inLanguage\":\"en-US\"},{\"@type\":\"WebPage\",\"@id\":\"https:\\\/\\\/im-a-collector.com\\\/en\\\/memory-legacy\\\/in-depth-attack-on-titan-and-the-question-of-genocide\\\/\",\"url\":\"https:\\\/\\\/im-a-collector.com\\\/en\\\/memory-legacy\\\/in-depth-attack-on-titan-and-the-question-of-genocide\\\/\",\"name\":\"The rumbling: is Eren really committing genocide? | imacollector\u00ae\",\"isPartOf\":{\"@id\":\"https:\\\/\\\/im-a-collector.com\\\/en\\\/#website\"},\"primaryImageOfPage\":{\"@id\":\"https:\\\/\\\/im-a-collector.com\\\/en\\\/memory-legacy\\\/in-depth-attack-on-titan-and-the-question-of-genocide\\\/#primaryimage\"},\"image\":{\"@id\":\"https:\\\/\\\/im-a-collector.com\\\/en\\\/memory-legacy\\\/in-depth-attack-on-titan-and-the-question-of-genocide\\\/#primaryimage\"},\"thumbnailUrl\":\"https:\\\/\\\/im-a-collector.com\\\/wp-content\\\/uploads\\\/2026\\\/08\\\/imacollector-dossier-attack-on-titan-genocide-cover-OK.jpg\",\"datePublished\":\"2026-08-29T06:03:58+00:00\",\"description\":\"Is Eren\u2019s Rumbling really genocide? Legal definition, Zeke\u2019s plan and Marley: what Attack on Titan is actually putting at stake.\",\"breadcrumb\":{\"@id\":\"https:\\\/\\\/im-a-collector.com\\\/en\\\/memory-legacy\\\/in-depth-attack-on-titan-and-the-question-of-genocide\\\/#breadcrumb\"},\"inLanguage\":\"en-US\",\"potentialAction\":[{\"@type\":\"ReadAction\",\"target\":[\"https:\\\/\\\/im-a-collector.com\\\/en\\\/memory-legacy\\\/in-depth-attack-on-titan-and-the-question-of-genocide\\\/\"]}]},{\"@type\":\"ImageObject\",\"inLanguage\":\"en-US\",\"@id\":\"https:\\\/\\\/im-a-collector.com\\\/en\\\/memory-legacy\\\/in-depth-attack-on-titan-and-the-question-of-genocide\\\/#primaryimage\",\"url\":\"https:\\\/\\\/im-a-collector.com\\\/wp-content\\\/uploads\\\/2026\\\/08\\\/imacollector-dossier-attack-on-titan-genocide-cover-OK.jpg\",\"contentUrl\":\"https:\\\/\\\/im-a-collector.com\\\/wp-content\\\/uploads\\\/2026\\\/08\\\/imacollector-dossier-attack-on-titan-genocide-cover-OK.jpg\",\"width\":1920,\"height\":1120,\"caption\":\"This image sums up the article\u2019s central question: at what point can the destruction of a group be legally defined as genocide? \u00a9 Hajime Isayama, Kodansha \\\/ MAPPA \u201cAttack on Titan\u201d The Final Season Production Committee.\"},{\"@type\":\"BreadcrumbList\",\"@id\":\"https:\\\/\\\/im-a-collector.com\\\/en\\\/memory-legacy\\\/in-depth-attack-on-titan-and-the-question-of-genocide\\\/#breadcrumb\",\"itemListElement\":[{\"@type\":\"ListItem\",\"position\":1,\"name\":\"Home\",\"item\":\"https:\\\/\\\/im-a-collector.com\\\/en\\\/\"},{\"@type\":\"ListItem\",\"position\":2,\"name\":\"[in-depth] Attack on Titan and the Question of Genocide\"}]},{\"@type\":\"WebSite\",\"@id\":\"https:\\\/\\\/im-a-collector.com\\\/en\\\/#website\",\"url\":\"https:\\\/\\\/im-a-collector.com\\\/en\\\/\",\"name\":\"imacollector\u00ae\",\"description\":\"From collection to heritage: guardian of popular culture memory -\",\"publisher\":{\"@id\":\"https:\\\/\\\/im-a-collector.com\\\/en\\\/#organization\"},\"potentialAction\":[{\"@type\":\"SearchAction\",\"target\":{\"@type\":\"EntryPoint\",\"urlTemplate\":\"https:\\\/\\\/im-a-collector.com\\\/en\\\/?s={search_term_string}\"},\"query-input\":{\"@type\":\"PropertyValueSpecification\",\"valueRequired\":true,\"valueName\":\"search_term_string\"}}],\"inLanguage\":\"en-US\"},{\"@type\":\"Organization\",\"@id\":\"https:\\\/\\\/im-a-collector.com\\\/en\\\/#organization\",\"name\":\"imacollector\u00ae\",\"url\":\"https:\\\/\\\/im-a-collector.com\\\/en\\\/\",\"logo\":{\"@type\":\"ImageObject\",\"inLanguage\":\"en-US\",\"@id\":\"https:\\\/\\\/im-a-collector.com\\\/en\\\/#\\\/schema\\\/logo\\\/image\\\/\",\"url\":\"https:\\\/\\\/im-a-collector.com\\\/wp-content\\\/uploads\\\/2025\\\/01\\\/logo-imacollector-blog-small-light-vecto.png\",\"contentUrl\":\"https:\\\/\\\/im-a-collector.com\\\/wp-content\\\/uploads\\\/2025\\\/01\\\/logo-imacollector-blog-small-light-vecto.png\",\"width\":708,\"height\":180,\"caption\":\"imacollector\u00ae\"},\"image\":{\"@id\":\"https:\\\/\\\/im-a-collector.com\\\/en\\\/#\\\/schema\\\/logo\\\/image\\\/\"},\"sameAs\":[\"https:\\\/\\\/www.facebook.com\\\/imacollectorr\",\"https:\\\/\\\/www.instagram.com\\\/ima_collector\\\/\",\"https:\\\/\\\/www.youtube.com\\\/@im_a_collector\",\"https:\\\/\\\/tiktok.com\\\/@imacollector\"]},{\"@type\":\"Person\",\"@id\":\"https:\\\/\\\/im-a-collector.com\\\/en\\\/#\\\/schema\\\/person\\\/29321acf3ba698e769c40bd2e1b6e272\",\"name\":\"imacollector\",\"image\":{\"@type\":\"ImageObject\",\"inLanguage\":\"en-US\",\"@id\":\"https:\\\/\\\/secure.gravatar.com\\\/avatar\\\/8d30232e6ba6cf32096399476d257eedece4302ea02121b69a23ef444ee0d901?s=96&d=mm&r=g\",\"url\":\"https:\\\/\\\/secure.gravatar.com\\\/avatar\\\/8d30232e6ba6cf32096399476d257eedece4302ea02121b69a23ef444ee0d901?s=96&d=mm&r=g\",\"contentUrl\":\"https:\\\/\\\/secure.gravatar.com\\\/avatar\\\/8d30232e6ba6cf32096399476d257eedece4302ea02121b69a23ef444ee0d901?s=96&d=mm&r=g\",\"caption\":\"imacollector\"},\"sameAs\":[\"https:\\\/\\\/www.im-a-collector.com\"],\"url\":\"https:\\\/\\\/im-a-collector.com\\\/en\\\/author\\\/imacollector\\\/\"}]}<\/script>\n<!-- \/ Yoast SEO plugin. -->","yoast_head_json":{"title":"The rumbling: is Eren really committing genocide? | imacollector\u00ae","description":"Is Eren\u2019s Rumbling really genocide? Legal definition, Zeke\u2019s plan and Marley: what Attack on Titan is actually putting at stake.","robots":{"index":"index","follow":"follow","max-snippet":"max-snippet:-1","max-image-preview":"max-image-preview:large","max-video-preview":"max-video-preview:-1"},"canonical":"https:\/\/im-a-collector.com\/en\/memory-legacy\/in-depth-attack-on-titan-and-the-question-of-genocide\/","og_locale":"en_US","og_type":"article","og_title":"The rumbling: is Eren really committing genocide? | imacollector\u00ae","og_description":"Is Eren\u2019s Rumbling really genocide? Legal definition, Zeke\u2019s plan and Marley: what Attack on Titan is actually putting at stake.","og_url":"https:\/\/im-a-collector.com\/en\/memory-legacy\/in-depth-attack-on-titan-and-the-question-of-genocide\/","og_site_name":"imacollector\u00ae","article_publisher":"https:\/\/www.facebook.com\/imacollectorr","article_published_time":"2026-08-29T06:03:58+00:00","og_image":[{"width":1920,"height":1120,"url":"https:\/\/im-a-collector.com\/wp-content\/uploads\/2026\/08\/imacollector-dossier-attack-on-titan-genocide-cover-OK.jpg","type":"image\/jpeg"}],"author":"imacollector","twitter_card":"summary_large_image","twitter_misc":{"Written by":"imacollector","Est. reading time":"17 minutes"},"schema":{"@context":"https:\/\/schema.org","@graph":[{"@type":"Article","@id":"https:\/\/im-a-collector.com\/en\/memory-legacy\/in-depth-attack-on-titan-and-the-question-of-genocide\/#article","isPartOf":{"@id":"https:\/\/im-a-collector.com\/en\/memory-legacy\/in-depth-attack-on-titan-and-the-question-of-genocide\/"},"author":{"name":"imacollector","@id":"https:\/\/im-a-collector.com\/en\/#\/schema\/person\/29321acf3ba698e769c40bd2e1b6e272"},"headline":"[in-depth] Attack on Titan and the Question of Genocide","datePublished":"2026-08-29T06:03:58+00:00","mainEntityOfPage":{"@id":"https:\/\/im-a-collector.com\/en\/memory-legacy\/in-depth-attack-on-titan-and-the-question-of-genocide\/"},"wordCount":3430,"publisher":{"@id":"https:\/\/im-a-collector.com\/en\/#organization"},"image":{"@id":"https:\/\/im-a-collector.com\/en\/memory-legacy\/in-depth-attack-on-titan-and-the-question-of-genocide\/#primaryimage"},"thumbnailUrl":"https:\/\/im-a-collector.com\/wp-content\/uploads\/2026\/08\/imacollector-dossier-attack-on-titan-genocide-cover-OK.jpg","keywords":["\u00c0 la une","Analysis","In-depth series"],"articleSection":["Memory &amp; legacy"],"inLanguage":"en-US"},{"@type":"WebPage","@id":"https:\/\/im-a-collector.com\/en\/memory-legacy\/in-depth-attack-on-titan-and-the-question-of-genocide\/","url":"https:\/\/im-a-collector.com\/en\/memory-legacy\/in-depth-attack-on-titan-and-the-question-of-genocide\/","name":"The rumbling: is Eren really committing genocide? | imacollector\u00ae","isPartOf":{"@id":"https:\/\/im-a-collector.com\/en\/#website"},"primaryImageOfPage":{"@id":"https:\/\/im-a-collector.com\/en\/memory-legacy\/in-depth-attack-on-titan-and-the-question-of-genocide\/#primaryimage"},"image":{"@id":"https:\/\/im-a-collector.com\/en\/memory-legacy\/in-depth-attack-on-titan-and-the-question-of-genocide\/#primaryimage"},"thumbnailUrl":"https:\/\/im-a-collector.com\/wp-content\/uploads\/2026\/08\/imacollector-dossier-attack-on-titan-genocide-cover-OK.jpg","datePublished":"2026-08-29T06:03:58+00:00","description":"Is Eren\u2019s Rumbling really genocide? Legal definition, Zeke\u2019s plan and Marley: what Attack on Titan is actually putting at stake.","breadcrumb":{"@id":"https:\/\/im-a-collector.com\/en\/memory-legacy\/in-depth-attack-on-titan-and-the-question-of-genocide\/#breadcrumb"},"inLanguage":"en-US","potentialAction":[{"@type":"ReadAction","target":["https:\/\/im-a-collector.com\/en\/memory-legacy\/in-depth-attack-on-titan-and-the-question-of-genocide\/"]}]},{"@type":"ImageObject","inLanguage":"en-US","@id":"https:\/\/im-a-collector.com\/en\/memory-legacy\/in-depth-attack-on-titan-and-the-question-of-genocide\/#primaryimage","url":"https:\/\/im-a-collector.com\/wp-content\/uploads\/2026\/08\/imacollector-dossier-attack-on-titan-genocide-cover-OK.jpg","contentUrl":"https:\/\/im-a-collector.com\/wp-content\/uploads\/2026\/08\/imacollector-dossier-attack-on-titan-genocide-cover-OK.jpg","width":1920,"height":1120,"caption":"This image sums up the article\u2019s central question: at what point can the destruction of a group be legally defined as genocide? \u00a9 Hajime Isayama, Kodansha \/ MAPPA \u201cAttack on Titan\u201d The Final Season Production Committee."},{"@type":"BreadcrumbList","@id":"https:\/\/im-a-collector.com\/en\/memory-legacy\/in-depth-attack-on-titan-and-the-question-of-genocide\/#breadcrumb","itemListElement":[{"@type":"ListItem","position":1,"name":"Home","item":"https:\/\/im-a-collector.com\/en\/"},{"@type":"ListItem","position":2,"name":"[in-depth] Attack on Titan and the Question of Genocide"}]},{"@type":"WebSite","@id":"https:\/\/im-a-collector.com\/en\/#website","url":"https:\/\/im-a-collector.com\/en\/","name":"imacollector\u00ae","description":"From collection to heritage: guardian of popular culture memory -","publisher":{"@id":"https:\/\/im-a-collector.com\/en\/#organization"},"potentialAction":[{"@type":"SearchAction","target":{"@type":"EntryPoint","urlTemplate":"https:\/\/im-a-collector.com\/en\/?s={search_term_string}"},"query-input":{"@type":"PropertyValueSpecification","valueRequired":true,"valueName":"search_term_string"}}],"inLanguage":"en-US"},{"@type":"Organization","@id":"https:\/\/im-a-collector.com\/en\/#organization","name":"imacollector\u00ae","url":"https:\/\/im-a-collector.com\/en\/","logo":{"@type":"ImageObject","inLanguage":"en-US","@id":"https:\/\/im-a-collector.com\/en\/#\/schema\/logo\/image\/","url":"https:\/\/im-a-collector.com\/wp-content\/uploads\/2025\/01\/logo-imacollector-blog-small-light-vecto.png","contentUrl":"https:\/\/im-a-collector.com\/wp-content\/uploads\/2025\/01\/logo-imacollector-blog-small-light-vecto.png","width":708,"height":180,"caption":"imacollector\u00ae"},"image":{"@id":"https:\/\/im-a-collector.com\/en\/#\/schema\/logo\/image\/"},"sameAs":["https:\/\/www.facebook.com\/imacollectorr","https:\/\/www.instagram.com\/ima_collector\/","https:\/\/www.youtube.com\/@im_a_collector","https:\/\/tiktok.com\/@imacollector"]},{"@type":"Person","@id":"https:\/\/im-a-collector.com\/en\/#\/schema\/person\/29321acf3ba698e769c40bd2e1b6e272","name":"imacollector","image":{"@type":"ImageObject","inLanguage":"en-US","@id":"https:\/\/secure.gravatar.com\/avatar\/8d30232e6ba6cf32096399476d257eedece4302ea02121b69a23ef444ee0d901?s=96&d=mm&r=g","url":"https:\/\/secure.gravatar.com\/avatar\/8d30232e6ba6cf32096399476d257eedece4302ea02121b69a23ef444ee0d901?s=96&d=mm&r=g","contentUrl":"https:\/\/secure.gravatar.com\/avatar\/8d30232e6ba6cf32096399476d257eedece4302ea02121b69a23ef444ee0d901?s=96&d=mm&r=g","caption":"imacollector"},"sameAs":["https:\/\/www.im-a-collector.com"],"url":"https:\/\/im-a-collector.com\/en\/author\/imacollector\/"}]}},"_links":{"self":[{"href":"https:\/\/im-a-collector.com\/en\/wp-json\/wp\/v2\/posts\/12171","targetHints":{"allow":["GET"]}}],"collection":[{"href":"https:\/\/im-a-collector.com\/en\/wp-json\/wp\/v2\/posts"}],"about":[{"href":"https:\/\/im-a-collector.com\/en\/wp-json\/wp\/v2\/types\/post"}],"author":[{"embeddable":true,"href":"https:\/\/im-a-collector.com\/en\/wp-json\/wp\/v2\/users\/2"}],"replies":[{"embeddable":true,"href":"https:\/\/im-a-collector.com\/en\/wp-json\/wp\/v2\/comments?post=12171"}],"version-history":[{"count":1,"href":"https:\/\/im-a-collector.com\/en\/wp-json\/wp\/v2\/posts\/12171\/revisions"}],"predecessor-version":[{"id":12173,"href":"https:\/\/im-a-collector.com\/en\/wp-json\/wp\/v2\/posts\/12171\/revisions\/12173"}],"wp:featuredmedia":[{"embeddable":true,"href":"https:\/\/im-a-collector.com\/en\/wp-json\/wp\/v2\/media\/12170"}],"wp:attachment":[{"href":"https:\/\/im-a-collector.com\/en\/wp-json\/wp\/v2\/media?parent=12171"}],"wp:term":[{"taxonomy":"category","embeddable":true,"href":"https:\/\/im-a-collector.com\/en\/wp-json\/wp\/v2\/categories?post=12171"},{"taxonomy":"post_tag","embeddable":true,"href":"https:\/\/im-a-collector.com\/en\/wp-json\/wp\/v2\/tags?post=12171"},{"taxonomy":"series","embeddable":true,"href":"https:\/\/im-a-collector.com\/en\/wp-json\/wp\/v2\/series?post=12171"},{"taxonomy":"personnage","embeddable":true,"href":"https:\/\/im-a-collector.com\/en\/wp-json\/wp\/v2\/personnage?post=12171"},{"taxonomy":"type_objet","embeddable":true,"href":"https:\/\/im-a-collector.com\/en\/wp-json\/wp\/v2\/type_objet?post=12171"},{"taxonomy":"univers","embeddable":true,"href":"https:\/\/im-a-collector.com\/en\/wp-json\/wp\/v2\/univers?post=12171"},{"taxonomy":"artiste","embeddable":true,"href":"https:\/\/im-a-collector.com\/en\/wp-json\/wp\/v2\/artiste?post=12171"},{"taxonomy":"porteur_de_licence","embeddable":true,"href":"https:\/\/im-a-collector.com\/en\/wp-json\/wp\/v2\/porteur_de_licence?post=12171"},{"taxonomy":"editeur_fabricant","embeddable":true,"href":"https:\/\/im-a-collector.com\/en\/wp-json\/wp\/v2\/editeur_fabricant?post=12171"}],"curies":[{"name":"wp","href":"https:\/\/api.w.org\/{rel}","templated":true}]}}